{"id":8196,"date":"2026-04-02T08:34:12","date_gmt":"2026-04-02T08:34:12","guid":{"rendered":"http:\/\/kunst-garten-geschichte.de\/?p=8196"},"modified":"2026-08-29T09:14:57","modified_gmt":"2026-08-29T09:14:57","slug":"aufnahmen-von-peter-weller-1868-1940","status":"publish","type":"post","link":"http:\/\/kunst-garten-geschichte.de\/?p=8196","title":{"rendered":"Aufnahmen von Peter Weller 1868 &#8211; 1940"},"content":{"rendered":"\n<p>Peter Weller war ein deutscher Unternehmer und Fotograf, geb. in Hommelsberg \/ Westerwald.<\/p>\n\n\n\n<p>Nach dem Besuch der Volksschule arbeitet er zun\u00e4chst als Haldenjunge auf der Grube Bindweide in Steinebach.<\/p>\n\n\n\n<p>In sp\u00e4teren Jahren war er Angestellter der Krupp`schen Bergverwaltung in Betzdorf. Peter Weller war um die Wende zum 20. Jahrhundert im Siegerland t\u00e4tig und ist vor allem f\u00fcr seine eindrucksvollen Aufnahmen der damaligen Montanindustrie bekannt. Dazu z\u00e4hlen Fotografien von Erzgruben, Hoch\u00f6fen und Eisenh\u00fctten, also genau der pr\u00e4genden Industriebetriebe der Region. Seine Bilder sind heute wichtige Zeitdokumente, weil sie die Arbeit dieser Epoche detailreich festhalten. Typisch f\u00fcr seine Arbeiten sind der dokumentarische Stil, Aufnahmen von Industrieanlagen und Arbeitsprozessen. Er gibt einen Einblick in das Leben der Arbeiter des Siegerlandes.<\/p>\n\n\n\n<p>1919 zog Peter Weller nach D\u00fcsseldorf und \u00fcbernahm 1923 die Leitung des dortigen Zentral Theaters.<\/p>\n\n\n\n<p>Seine Werke sind immer wieder in Ausstellungen zu sehen, so auch im Jahr 2018 an verschiedenen Orten im Kreis Altenkirchen.<\/p>\n\n\n\n<p>Sie wurden auch 1977 auf der Weltkunstausstellung Documenta in Fulda gezeigt.<\/p>\n\n\n\n<figure class=\"wp-block-image size-full is-resized\"><img loading=\"lazy\" decoding=\"async\" width=\"808\" height=\"514\" src=\"http:\/\/kunst-garten-geschichte.de\/wp-content\/uploads\/2026\/03\/Katzw.jpg\" alt=\"\" class=\"wp-image-8217\" style=\"width:656px;height:auto\" srcset=\"http:\/\/kunst-garten-geschichte.de\/wp-content\/uploads\/2026\/03\/Katzw.jpg 808w, http:\/\/kunst-garten-geschichte.de\/wp-content\/uploads\/2026\/03\/Katzw-300x191.jpg 300w, http:\/\/kunst-garten-geschichte.de\/wp-content\/uploads\/2026\/03\/Katzw-768x489.jpg 768w\" sizes=\"(max-width: 767px) 89vw, (max-width: 1000px) 54vw, (max-width: 1071px) 543px, 580px\" \/><\/figure>\n\n\n\n<figure class=\"wp-block-image size-large is-resized\"><img loading=\"lazy\" decoding=\"async\" width=\"1024\" height=\"783\" src=\"http:\/\/kunst-garten-geschichte.de\/wp-content\/uploads\/2026\/03\/Grube-Vereinigung-Katzwinkel-1-1024x783.jpg\" alt=\"\" class=\"wp-image-8197\" style=\"width:653px;height:auto\" srcset=\"http:\/\/kunst-garten-geschichte.de\/wp-content\/uploads\/2026\/03\/Grube-Vereinigung-Katzwinkel-1-1024x783.jpg 1024w, http:\/\/kunst-garten-geschichte.de\/wp-content\/uploads\/2026\/03\/Grube-Vereinigung-Katzwinkel-1-300x229.jpg 300w, http:\/\/kunst-garten-geschichte.de\/wp-content\/uploads\/2026\/03\/Grube-Vereinigung-Katzwinkel-1-768x587.jpg 768w, http:\/\/kunst-garten-geschichte.de\/wp-content\/uploads\/2026\/03\/Grube-Vereinigung-Katzwinkel-1-1536x1175.jpg 1536w, http:\/\/kunst-garten-geschichte.de\/wp-content\/uploads\/2026\/03\/Grube-Vereinigung-Katzwinkel-1.jpg 1620w\" sizes=\"(max-width: 767px) 89vw, (max-width: 1000px) 54vw, (max-width: 1071px) 543px, 580px\" \/><figcaption class=\"wp-element-caption\">Diese Aufnahme von Peter Weller zeigt die Belegschaft der Grube Vereinigung in Katzwinkel \/ Sieg<\/figcaption><\/figure>\n\n\n\n<p>Im Hintergrund sieht man die Erzbunker. Im Jahre 1837 erwarb die Firma Daniel Stein sen. Sohn (Theodor Stein) die Grube Vereinigung von dem Gewerken Anton B\u00f6hmer aus Kirchen. \u00dcber die Eisenstrasse lie\u00dfen sie das Erz per Pferdefuhrwerk zur Danielsh\u00fctte in Steeg bei Friesenhagen transportieren. Die Danielsh\u00fctte wurde auch Steeger H\u00fctte genannt und war nach dem Besitzer Daniel Stein benannt.<\/p>\n\n\n\n<p><\/p>\n\n\n\n<figure class=\"wp-block-image size-large is-resized\"><img loading=\"lazy\" decoding=\"async\" width=\"1024\" height=\"669\" src=\"http:\/\/kunst-garten-geschichte.de\/wp-content\/uploads\/2026\/04\/D.-Stein-1024x669.jpg\" alt=\"\" class=\"wp-image-8329\" style=\"width:288px;height:auto\" srcset=\"http:\/\/kunst-garten-geschichte.de\/wp-content\/uploads\/2026\/04\/D.-Stein-1024x669.jpg 1024w, http:\/\/kunst-garten-geschichte.de\/wp-content\/uploads\/2026\/04\/D.-Stein-300x196.jpg 300w, http:\/\/kunst-garten-geschichte.de\/wp-content\/uploads\/2026\/04\/D.-Stein-768x502.jpg 768w, http:\/\/kunst-garten-geschichte.de\/wp-content\/uploads\/2026\/04\/D.-Stein-1536x1003.jpg 1536w, http:\/\/kunst-garten-geschichte.de\/wp-content\/uploads\/2026\/04\/D.-Stein-2048x1338.jpg 2048w\" sizes=\"(max-width: 767px) 89vw, (max-width: 1000px) 54vw, (max-width: 1071px) 543px, 580px\" \/><figcaption class=\"wp-element-caption\">Original Gesch\u00e4ftsbriefe an Daniel Stein, Kirchen\/Sieg aus dem Jahr 1844<\/figcaption><\/figure>\n\n\n\n<p><\/p>\n\n\n\n<figure class=\"wp-block-image size-large is-resized\"><img loading=\"lazy\" decoding=\"async\" width=\"1024\" height=\"730\" src=\"http:\/\/kunst-garten-geschichte.de\/wp-content\/uploads\/2026\/04\/Daniel-Stein-1944-1024x730.jpg\" alt=\"\" class=\"wp-image-8332\" style=\"width:288px;height:auto\" srcset=\"http:\/\/kunst-garten-geschichte.de\/wp-content\/uploads\/2026\/04\/Daniel-Stein-1944-1024x730.jpg 1024w, http:\/\/kunst-garten-geschichte.de\/wp-content\/uploads\/2026\/04\/Daniel-Stein-1944-300x214.jpg 300w, http:\/\/kunst-garten-geschichte.de\/wp-content\/uploads\/2026\/04\/Daniel-Stein-1944-768x547.jpg 768w, http:\/\/kunst-garten-geschichte.de\/wp-content\/uploads\/2026\/04\/Daniel-Stein-1944-1536x1095.jpg 1536w, http:\/\/kunst-garten-geschichte.de\/wp-content\/uploads\/2026\/04\/Daniel-Stein-1944-2048x1460.jpg 2048w\" sizes=\"(max-width: 767px) 89vw, (max-width: 1000px) 54vw, (max-width: 1071px) 543px, 580px\" \/><\/figure>\n\n\n\n<p><\/p>\n\n\n\n<figure class=\"wp-block-image size-large is-resized\"><img loading=\"lazy\" decoding=\"async\" width=\"1024\" height=\"821\" src=\"http:\/\/kunst-garten-geschichte.de\/wp-content\/uploads\/2026\/03\/Wehbach-1-1024x821.jpg\" alt=\"\" class=\"wp-image-8202\" style=\"width:421px;height:auto\" srcset=\"http:\/\/kunst-garten-geschichte.de\/wp-content\/uploads\/2026\/03\/Wehbach-1-1024x821.jpg 1024w, http:\/\/kunst-garten-geschichte.de\/wp-content\/uploads\/2026\/03\/Wehbach-1-300x240.jpg 300w, http:\/\/kunst-garten-geschichte.de\/wp-content\/uploads\/2026\/03\/Wehbach-1-768x616.jpg 768w, http:\/\/kunst-garten-geschichte.de\/wp-content\/uploads\/2026\/03\/Wehbach-1.jpg 1476w\" sizes=\"(max-width: 767px) 89vw, (max-width: 1000px) 54vw, (max-width: 1071px) 543px, 580px\" \/><figcaption class=\"wp-element-caption\">Spruch auf dieser Original Aufnahme von 1906 lautet:<\/figcaption><\/figure>\n\n\n\n<p>Es bl\u00fche stets verl\u00e4sslich mir &#8211; die Stahl und Eisen Industrie &#8211; In der vorderen Reihe erster von rechts, der Besitzer der Eisenh\u00fctte, Ferdinand Schneider aus Herdorf. Er war der Sohn von Friedrich Schneider, nach diesem waren die Eisenh\u00fctten in Herdorf und Wehbach benannt.<\/p>\n\n\n\n<figure class=\"wp-block-image size-large is-resized\"><img loading=\"lazy\" decoding=\"async\" width=\"1024\" height=\"804\" src=\"http:\/\/kunst-garten-geschichte.de\/wp-content\/uploads\/2026\/03\/Wehbach-Peter-Weller-1024x804.jpg\" alt=\"\" class=\"wp-image-8203\" style=\"width:415px;height:auto\" srcset=\"http:\/\/kunst-garten-geschichte.de\/wp-content\/uploads\/2026\/03\/Wehbach-Peter-Weller-1024x804.jpg 1024w, http:\/\/kunst-garten-geschichte.de\/wp-content\/uploads\/2026\/03\/Wehbach-Peter-Weller-300x235.jpg 300w, http:\/\/kunst-garten-geschichte.de\/wp-content\/uploads\/2026\/03\/Wehbach-Peter-Weller-768x603.jpg 768w, http:\/\/kunst-garten-geschichte.de\/wp-content\/uploads\/2026\/03\/Wehbach-Peter-Weller.jpg 1255w\" sizes=\"(max-width: 767px) 89vw, (max-width: 1000px) 54vw, (max-width: 1071px) 543px, 580px\" \/><figcaption class=\"wp-element-caption\">Erster von links auf dieser Aufnahme, der Besitzer der Friedrichsh\u00fctte Ferdinand Schneider. Am 01.05.1900 fusionierten die Eisenh\u00fctten Herdorf und Wehbach.<\/figcaption><\/figure>\n\n\n\n<figure class=\"wp-block-image size-full is-resized\"><img loading=\"lazy\" decoding=\"async\" width=\"523\" height=\"414\" src=\"http:\/\/kunst-garten-geschichte.de\/wp-content\/uploads\/2026\/04\/Wehbach-1.jpg\" alt=\"\" class=\"wp-image-8344\" style=\"width:336px;height:auto\" srcset=\"http:\/\/kunst-garten-geschichte.de\/wp-content\/uploads\/2026\/04\/Wehbach-1.jpg 523w, http:\/\/kunst-garten-geschichte.de\/wp-content\/uploads\/2026\/04\/Wehbach-1-300x237.jpg 300w\" sizes=\"(max-width: 523px) 100vw, 523px\" \/><\/figure>\n\n\n\n<figure class=\"wp-block-image size-full is-resized\"><img loading=\"lazy\" decoding=\"async\" width=\"632\" height=\"440\" src=\"http:\/\/kunst-garten-geschichte.de\/wp-content\/uploads\/2026\/04\/Wehbach-2.jpg\" alt=\"\" class=\"wp-image-8345\" style=\"width:336px;height:auto\" srcset=\"http:\/\/kunst-garten-geschichte.de\/wp-content\/uploads\/2026\/04\/Wehbach-2.jpg 632w, http:\/\/kunst-garten-geschichte.de\/wp-content\/uploads\/2026\/04\/Wehbach-2-300x209.jpg 300w\" sizes=\"(max-width: 632px) 100vw, 632px\" \/><figcaption class=\"wp-element-caption\">Die \u00e4ltesten Aufnahmen der Friedrichsh\u00fctte Wehbach. Bild 2 zeigt das Innere des Walzwerks. Das Walzwerk wurde 1839 von Carl Stein gegr\u00fcndet. Er lebte von 1803 bis 1871 und war auch Besitzer der Gerlingerh\u00fctte.<\/figcaption><\/figure>\n\n\n\n<figure class=\"wp-block-image size-full is-resized\"><img loading=\"lazy\" decoding=\"async\" width=\"672\" height=\"489\" src=\"http:\/\/kunst-garten-geschichte.de\/wp-content\/uploads\/2026\/04\/IMG_9556-Wehbach.jpg\" alt=\"\" class=\"wp-image-8242\" style=\"width:409px;height:auto\" srcset=\"http:\/\/kunst-garten-geschichte.de\/wp-content\/uploads\/2026\/04\/IMG_9556-Wehbach.jpg 672w, http:\/\/kunst-garten-geschichte.de\/wp-content\/uploads\/2026\/04\/IMG_9556-Wehbach-300x218.jpg 300w\" sizes=\"(max-width: 672px) 100vw, 672px\" \/><\/figure>\n\n\n\n<figure class=\"wp-block-image size-large is-resized\"><img loading=\"lazy\" decoding=\"async\" width=\"1024\" height=\"767\" src=\"http:\/\/kunst-garten-geschichte.de\/wp-content\/uploads\/2026\/03\/Erzlader-der-Alfredhuette-Wissen-1-1024x767.jpg\" alt=\"\" class=\"wp-image-8198\" style=\"width:416px;height:auto\" srcset=\"http:\/\/kunst-garten-geschichte.de\/wp-content\/uploads\/2026\/03\/Erzlader-der-Alfredhuette-Wissen-1-1024x767.jpg 1024w, http:\/\/kunst-garten-geschichte.de\/wp-content\/uploads\/2026\/03\/Erzlader-der-Alfredhuette-Wissen-1-300x225.jpg 300w, http:\/\/kunst-garten-geschichte.de\/wp-content\/uploads\/2026\/03\/Erzlader-der-Alfredhuette-Wissen-1-768x575.jpg 768w, http:\/\/kunst-garten-geschichte.de\/wp-content\/uploads\/2026\/03\/Erzlader-der-Alfredhuette-Wissen-1.jpg 1409w\" sizes=\"(max-width: 767px) 89vw, (max-width: 1000px) 54vw, (max-width: 1071px) 543px, 580px\" \/><figcaption class=\"wp-element-caption\">Titel der Aufnahme &#8211; Die Erzlader der Alfredh\u00fctte, Wissen <\/figcaption><\/figure>\n\n\n\n<p>Der Begriff Erzlader ist eine Berufsbezeichnung f\u00fcr H\u00fcttenarbeiter. Sie mussten eine extrem schwere k\u00f6rperliche Arbeit leisten. Ihre Kernaufgabe war das Entladen der Erze aus dem Grubenwagen  oder der Drahtseilbahn. Die mit Hand beladenen Karren transportierten sie zur Gichtglocke des Hochofens.<\/p>\n\n\n\n<figure class=\"wp-block-image size-full is-resized\"><img loading=\"lazy\" decoding=\"async\" width=\"898\" height=\"596\" src=\"http:\/\/kunst-garten-geschichte.de\/wp-content\/uploads\/2026\/03\/Walzwerksiedlung-Wissen-1.jpg\" alt=\"\" class=\"wp-image-8212\" style=\"width:414px;height:auto\" srcset=\"http:\/\/kunst-garten-geschichte.de\/wp-content\/uploads\/2026\/03\/Walzwerksiedlung-Wissen-1.jpg 898w, http:\/\/kunst-garten-geschichte.de\/wp-content\/uploads\/2026\/03\/Walzwerksiedlung-Wissen-1-300x199.jpg 300w, http:\/\/kunst-garten-geschichte.de\/wp-content\/uploads\/2026\/03\/Walzwerksiedlung-Wissen-1-768x510.jpg 768w\" sizes=\"(max-width: 767px) 89vw, (max-width: 1000px) 54vw, (max-width: 1071px) 543px, 580px\" \/><figcaption class=\"wp-element-caption\">Die Walzwerk-Kolonie in Wissen\/Sieg entstand ab dem Jahre 1912<\/figcaption><\/figure>\n\n\n\n<p>\u00dcber Generationen fanden hier Besch\u00e4ftigte des Walzwerks ihren Wohn und Lebensraum.<\/p>\n\n\n\n<figure class=\"wp-block-image size-large is-resized\"><img loading=\"lazy\" decoding=\"async\" width=\"1024\" height=\"783\" src=\"http:\/\/kunst-garten-geschichte.de\/wp-content\/uploads\/2026\/03\/Concordia-Dermbach-1024x783.jpg\" alt=\"\" class=\"wp-image-8199\" style=\"width:417px;height:auto\" srcset=\"http:\/\/kunst-garten-geschichte.de\/wp-content\/uploads\/2026\/03\/Concordia-Dermbach-1024x783.jpg 1024w, http:\/\/kunst-garten-geschichte.de\/wp-content\/uploads\/2026\/03\/Concordia-Dermbach-300x229.jpg 300w, http:\/\/kunst-garten-geschichte.de\/wp-content\/uploads\/2026\/03\/Concordia-Dermbach-768x587.jpg 768w, http:\/\/kunst-garten-geschichte.de\/wp-content\/uploads\/2026\/03\/Concordia-Dermbach.jpg 1315w\" sizes=\"(max-width: 767px) 89vw, (max-width: 1000px) 54vw, (max-width: 1071px) 543px, 580px\" \/><figcaption class=\"wp-element-caption\">Die Grube Concordia in Dermbach ( Ortsteil v. Herdorf ) eine Eisenerzgrube deren Anf\u00e4nge bis ins 16. oder 17. Jahrhundert zur\u00fcck gehen.  Ab 1910 bestand eine unterirdische Verbindung mit der Grube Eisenzecher Zug in Eiserfeld. 1960 wurde die Grube stillgelegt.<\/figcaption><\/figure>\n\n\n\n<figure class=\"wp-block-image size-large is-resized\"><img loading=\"lazy\" decoding=\"async\" width=\"1024\" height=\"716\" src=\"http:\/\/kunst-garten-geschichte.de\/wp-content\/uploads\/2026\/03\/Bahnhof-Betzdorf-1914-Peter-Weller-1024x716.jpg\" alt=\"\" class=\"wp-image-8224\" style=\"width:430px;height:auto\" srcset=\"http:\/\/kunst-garten-geschichte.de\/wp-content\/uploads\/2026\/03\/Bahnhof-Betzdorf-1914-Peter-Weller-1024x716.jpg 1024w, http:\/\/kunst-garten-geschichte.de\/wp-content\/uploads\/2026\/03\/Bahnhof-Betzdorf-1914-Peter-Weller-300x210.jpg 300w, http:\/\/kunst-garten-geschichte.de\/wp-content\/uploads\/2026\/03\/Bahnhof-Betzdorf-1914-Peter-Weller-768x537.jpg 768w, http:\/\/kunst-garten-geschichte.de\/wp-content\/uploads\/2026\/03\/Bahnhof-Betzdorf-1914-Peter-Weller.jpg 1118w\" sizes=\"(max-width: 767px) 89vw, (max-width: 1000px) 54vw, (max-width: 1071px) 543px, 580px\" \/><figcaption class=\"wp-element-caption\">Diese Aufnahme zeigt einen Truppentransport 1914 zu Beginn des 1. Weltkriegs an die Westfront bei einem Zwischenstopp am Betzdorfer Bahnhof. <br>Bahnlinie Gie\u00dfen &#8211; K\u00f6ln<\/figcaption><\/figure>\n\n\n\n<figure class=\"wp-block-image size-full is-resized\"><img loading=\"lazy\" decoding=\"async\" width=\"834\" height=\"506\" src=\"http:\/\/kunst-garten-geschichte.de\/wp-content\/uploads\/2026\/03\/Eisenbahn-kolonie-Betzdorf.jpg\" alt=\"\" class=\"wp-image-8215\" style=\"width:419px;height:auto\" srcset=\"http:\/\/kunst-garten-geschichte.de\/wp-content\/uploads\/2026\/03\/Eisenbahn-kolonie-Betzdorf.jpg 834w, http:\/\/kunst-garten-geschichte.de\/wp-content\/uploads\/2026\/03\/Eisenbahn-kolonie-Betzdorf-300x182.jpg 300w, http:\/\/kunst-garten-geschichte.de\/wp-content\/uploads\/2026\/03\/Eisenbahn-kolonie-Betzdorf-768x466.jpg 768w\" sizes=\"(max-width: 767px) 89vw, (max-width: 1000px) 54vw, (max-width: 1071px) 543px, 580px\" \/><figcaption class=\"wp-element-caption\">1871 wurden die ersten Wohnh\u00e4user in der Eisenbahner Siedlung<\/figcaption><\/figure>\n\n\n\n<p>in  Betzdorf \/ Sieg, K\u00f6lner Stra\u00dfe bezogen. Das Gel\u00e4nde geh\u00f6rte der K\u00f6ln Mindener Eisenbahn Gesellschaft<\/p>\n\n\n\n<figure class=\"wp-block-image size-large is-resized\"><img loading=\"lazy\" decoding=\"async\" width=\"1024\" height=\"723\" src=\"http:\/\/kunst-garten-geschichte.de\/wp-content\/uploads\/2026\/03\/Betzdorf-Rainchen-1024x723.jpg\" alt=\"\" class=\"wp-image-8201\" style=\"width:421px;height:auto\" srcset=\"http:\/\/kunst-garten-geschichte.de\/wp-content\/uploads\/2026\/03\/Betzdorf-Rainchen-1024x723.jpg 1024w, http:\/\/kunst-garten-geschichte.de\/wp-content\/uploads\/2026\/03\/Betzdorf-Rainchen-300x212.jpg 300w, http:\/\/kunst-garten-geschichte.de\/wp-content\/uploads\/2026\/03\/Betzdorf-Rainchen-768x542.jpg 768w, http:\/\/kunst-garten-geschichte.de\/wp-content\/uploads\/2026\/03\/Betzdorf-Rainchen.jpg 1361w\" sizes=\"(max-width: 767px) 89vw, (max-width: 1000px) 54vw, (max-width: 1071px) 543px, 580px\" \/><figcaption class=\"wp-element-caption\">Das Rainchen in Betzdorf\/Sieg. ein Platz f\u00fcr Erholung fr\u00fcher wie heute.<\/figcaption><\/figure>\n\n\n\n<figure class=\"wp-block-image size-large is-resized\"><img loading=\"lazy\" decoding=\"async\" width=\"1024\" height=\"826\" src=\"http:\/\/kunst-garten-geschichte.de\/wp-content\/uploads\/2026\/03\/Kaeuser-Steimel-1-1024x826.jpg\" alt=\"\" class=\"wp-image-8200\" style=\"width:419px;height:auto\" srcset=\"http:\/\/kunst-garten-geschichte.de\/wp-content\/uploads\/2026\/03\/Kaeuser-Steimel-1-1024x826.jpg 1024w, http:\/\/kunst-garten-geschichte.de\/wp-content\/uploads\/2026\/03\/Kaeuser-Steimel-1-300x242.jpg 300w, http:\/\/kunst-garten-geschichte.de\/wp-content\/uploads\/2026\/03\/Kaeuser-Steimel-1-768x620.jpg 768w, http:\/\/kunst-garten-geschichte.de\/wp-content\/uploads\/2026\/03\/Kaeuser-Steimel-1.jpg 1047w\" sizes=\"(max-width: 767px) 89vw, (max-width: 1000px) 54vw, (max-width: 1071px) 543px, 580px\" \/><figcaption class=\"wp-element-caption\">Der K\u00e4user Steimel, der \u00e4lteste Basaltbruch im Gebhardshainer Land.<\/figcaption><\/figure>\n\n\n\n<p>Er wurde bis 1987 aktiv genutzt.<\/p>\n\n\n\n<figure class=\"wp-block-image size-large is-resized\"><img loading=\"lazy\" decoding=\"async\" width=\"1024\" height=\"804\" src=\"http:\/\/kunst-garten-geschichte.de\/wp-content\/uploads\/2026\/04\/ak-Peter-Weller-1-1024x804.jpg\" alt=\"\" class=\"wp-image-8375\" style=\"width:424px;height:auto\" srcset=\"http:\/\/kunst-garten-geschichte.de\/wp-content\/uploads\/2026\/04\/ak-Peter-Weller-1-1024x804.jpg 1024w, http:\/\/kunst-garten-geschichte.de\/wp-content\/uploads\/2026\/04\/ak-Peter-Weller-1-300x236.jpg 300w, http:\/\/kunst-garten-geschichte.de\/wp-content\/uploads\/2026\/04\/ak-Peter-Weller-1-768x603.jpg 768w, http:\/\/kunst-garten-geschichte.de\/wp-content\/uploads\/2026\/04\/ak-Peter-Weller-1-1536x1206.jpg 1536w, http:\/\/kunst-garten-geschichte.de\/wp-content\/uploads\/2026\/04\/ak-Peter-Weller-1-2048x1608.jpg 2048w\" sizes=\"(max-width: 767px) 89vw, (max-width: 1000px) 54vw, (max-width: 1071px) 543px, 580px\" \/><figcaption class=\"wp-element-caption\">Ansichtskarten mit Aufnahmen von Peter Weller<\/figcaption><\/figure>\n\n\n\n<figure class=\"wp-block-gallery has-nested-images columns-default is-cropped wp-block-gallery-1 is-layout-flex wp-block-gallery-is-layout-flex\">\n<figure class=\"wp-block-image size-large\"><img loading=\"lazy\" decoding=\"async\" width=\"746\" height=\"1024\" data-id=\"8404\" src=\"http:\/\/kunst-garten-geschichte.de\/wp-content\/uploads\/2026\/04\/Grube-Bindweide-neu-plakat-746x1024.jpg\" alt=\"\" class=\"wp-image-8404\" srcset=\"http:\/\/kunst-garten-geschichte.de\/wp-content\/uploads\/2026\/04\/Grube-Bindweide-neu-plakat-746x1024.jpg 746w, http:\/\/kunst-garten-geschichte.de\/wp-content\/uploads\/2026\/04\/Grube-Bindweide-neu-plakat-219x300.jpg 219w, http:\/\/kunst-garten-geschichte.de\/wp-content\/uploads\/2026\/04\/Grube-Bindweide-neu-plakat-768x1054.jpg 768w, http:\/\/kunst-garten-geschichte.de\/wp-content\/uploads\/2026\/04\/Grube-Bindweide-neu-plakat-1119x1536.jpg 1119w, http:\/\/kunst-garten-geschichte.de\/wp-content\/uploads\/2026\/04\/Grube-Bindweide-neu-plakat-1493x2048.jpg 1493w, http:\/\/kunst-garten-geschichte.de\/wp-content\/uploads\/2026\/04\/Grube-Bindweide-neu-plakat-scaled.jpg 1866w\" sizes=\"(max-width: 706px) 89vw, (max-width: 767px) 82vw, 740px\" \/><\/figure>\n\n\n\n<figure class=\"wp-block-image size-large\"><img loading=\"lazy\" decoding=\"async\" width=\"811\" height=\"1024\" data-id=\"8411\" src=\"http:\/\/kunst-garten-geschichte.de\/wp-content\/uploads\/2026\/04\/Marienhuette-eiserfeld-neu-plakat-1-811x1024.jpg\" alt=\"\" class=\"wp-image-8411\" srcset=\"http:\/\/kunst-garten-geschichte.de\/wp-content\/uploads\/2026\/04\/Marienhuette-eiserfeld-neu-plakat-1-811x1024.jpg 811w, http:\/\/kunst-garten-geschichte.de\/wp-content\/uploads\/2026\/04\/Marienhuette-eiserfeld-neu-plakat-1-238x300.jpg 238w, http:\/\/kunst-garten-geschichte.de\/wp-content\/uploads\/2026\/04\/Marienhuette-eiserfeld-neu-plakat-1-768x970.jpg 768w, http:\/\/kunst-garten-geschichte.de\/wp-content\/uploads\/2026\/04\/Marienhuette-eiserfeld-neu-plakat-1-1217x1536.jpg 1217w, http:\/\/kunst-garten-geschichte.de\/wp-content\/uploads\/2026\/04\/Marienhuette-eiserfeld-neu-plakat-1.jpg 1574w\" sizes=\"(max-width: 767px) 89vw, (max-width: 1000px) 54vw, (max-width: 1071px) 543px, 580px\" \/><\/figure>\n<figcaption class=\"blocks-gallery-caption wp-element-caption\">Plakate der  Peter Weller Ausstellungen<\/figcaption><\/figure>\n\n\n\n<p><\/p>\n\n\n\n<p><\/p>\n\n\n\n<p><\/p>\n\n\n\n<p>Quelle Wikipedia<\/p>\n\n\n\n<p>Die gezeigten Aufnahmen und Dokumente befinden sich im Privatbesitz<\/p>\n","protected":false},"excerpt":{"rendered":"<p>Peter Weller war ein deutscher Unternehmer und Fotograf, geb. in Hommelsberg \/ Westerwald. Nach dem Besuch der Volksschule arbeitet er zun\u00e4chst als Haldenjunge auf der Grube Bindweide in Steinebach. In sp\u00e4teren Jahren war er Angestellter der Krupp`schen Bergverwaltung in Betzdorf. Peter Weller war um die Wende zum 20. Jahrhundert im Siegerland t\u00e4tig und ist vor &hellip; <\/p>\n<p class=\"link-more\"><a href=\"http:\/\/kunst-garten-geschichte.de\/?p=8196\" class=\"more-link\"><span class=\"screen-reader-text\">\u201eAufnahmen von Peter Weller 1868 &#8211; 1940\u201c<\/span> weiterlesen<\/a><\/p>\n","protected":false},"author":1,"featured_media":0,"comment_status":"open","ping_status":"open","sticky":false,"template":"","format":"standard","meta":{"footnotes":""},"categories":[1],"tags":[],"class_list":["post-8196","post","type-post","status-publish","format-standard","hentry","category-bergbau-und-industrie"],"_links":{"self":[{"href":"http:\/\/kunst-garten-geschichte.de\/index.php?rest_route=\/wp\/v2\/posts\/8196"}],"collection":[{"href":"http:\/\/kunst-garten-geschichte.de\/index.php?rest_route=\/wp\/v2\/posts"}],"about":[{"href":"http:\/\/kunst-garten-geschichte.de\/index.php?rest_route=\/wp\/v2\/types\/post"}],"author":[{"embeddable":true,"href":"http:\/\/kunst-garten-geschichte.de\/index.php?rest_route=\/wp\/v2\/users\/1"}],"replies":[{"embeddable":true,"href":"http:\/\/kunst-garten-geschichte.de\/index.php?rest_route=%2Fwp%2Fv2%2Fcomments&post=8196"}],"version-history":[{"count":93,"href":"http:\/\/kunst-garten-geschichte.de\/index.php?rest_route=\/wp\/v2\/posts\/8196\/revisions"}],"predecessor-version":[{"id":8412,"href":"http:\/\/kunst-garten-geschichte.de\/index.php?rest_route=\/wp\/v2\/posts\/8196\/revisions\/8412"}],"wp:attachment":[{"href":"http:\/\/kunst-garten-geschichte.de\/index.php?rest_route=%2Fwp%2Fv2%2Fmedia&parent=8196"}],"wp:term":[{"taxonomy":"category","embeddable":true,"href":"http:\/\/kunst-garten-geschichte.de\/index.php?rest_route=%2Fwp%2Fv2%2Fcategories&post=8196"},{"taxonomy":"post_tag","embeddable":true,"href":"http:\/\/kunst-garten-geschichte.de\/index.php?rest_route=%2Fwp%2Fv2%2Ftags&post=8196"}],"curies":[{"name":"wp","href":"https:\/\/api.w.org\/{rel}","templated":true}]}}